{"id":2877,"date":"2025-03-15T13:33:34","date_gmt":"2025-03-15T18:33:34","guid":{"rendered":"https:\/\/arlingtonurbanag.org\/?p=2877"},"modified":"2026-02-04T13:44:56","modified_gmt":"2026-02-04T18:44:56","slug":"2025-garden-talks","status":"publish","type":"post","link":"https:\/\/arlingtonurbanag.org\/es\/2025-garden-talks\/","title":{"rendered":"2025 Garden Talks"},"content":{"rendered":"<h2 style=\"text-align: center;\"><strong>Join us for bi-weekly Garden Talks in 2025!<\/strong><\/h2>\n<p style=\"text-align: center;\"><strong><span class=\"OYPEnA font-feature-liga-off font-feature-clig-off font-feature-calt-off text-decoration-none text-strikethrough-none\">Please note: May 7 &#8211;<\/span> <span class=\"OYPEnA font-feature-liga-off font-feature-clig-off font-feature-calt-off text-decoration-none text-strikethrough-none\">Herbs &#8211; Planning, Planting will now meet in Bluemont Room, 2nd floor<\/span><\/strong><\/p>\n<p style=\"text-align: center;\"><em>Biblioteca Central Arlington \u2013 1015 N Quincy Street<br \/>\nPatrocinado por Friends of Urban Agriculture y Extension Master Gardeners<br \/>\nFree! No registration required.<\/em><\/p>\n<p class=\"cvGsUA direction-ltr align-center para-style-body\"><span class=\"OYPEnA text-decoration-none text-strikethrough-none\">April-May talks &#8211;<strong> 6:30 pm &#8211; 7:30 pm<\/strong> &#8211; Bluemont\/Quincy Rooms (inside)<br \/>\n<\/span><span class=\"OYPEnA text-decoration-none text-strikethrough-none\">June-October talks &#8211; <strong>6:30 pm &#8211; 7:30 pm<\/strong> &#8211; outside next to garden\/surface parking lot. Bring your own lawn chair if you&#8217;d like! (In case of inclement weather, we will meet inside in Wilson Room &#8211; first floor)<\/span><\/p>\n<ul>\n<li class=\"cvGsUA direction-ltr align-start para-style-body\"><strong><span class=\"OYPEnA font-feature-liga-off font-feature-clig-off font-feature-calt-off text-decoration-none text-strikethrough-none\">April 2 &#8211; <\/span><\/strong><span class=\"OYPEnA font-feature-liga-off font-feature-clig-off font-feature-calt-off text-decoration-none text-strikethrough-none\"><strong>\u00a1Planif\u00edquelo bien! Semillas, pl\u00e1ntulas y m\u00e1s<\/strong> &#8211; (Meet in Bluemont Room, 2nd floor) Plant your seeds and seedlings so they\u2019ll happily. grow for you, and learn when and how to start seedlings from experienced gardeners.<\/span><\/li>\n<li class=\"cvGsUA direction-ltr align-start para-style-body\"><strong><span class=\"OYPEnA font-feature-liga-off font-feature-clig-off font-feature-calt-off text-decoration-none text-strikethrough-none\">April 16 &#8211; <\/span><\/strong><span class=\"OYPEnA font-feature-liga-off font-feature-clig-off font-feature-calt-off text-decoration-none text-strikethrough-none\"><strong>Amor de tomate<\/strong> &#8211; (Meet in Quincy Room) Tomatoes are a popular crop in home gardens. Learn how you can grow and maintain tomatoes to make the most of your crop.<\/span><\/li>\n<li class=\"cvGsUA direction-ltr align-start para-style-body\"><strong><span class=\"OYPEnA font-feature-liga-off font-feature-clig-off font-feature-calt-off text-decoration-none text-strikethrough-none\">May 7 &#8211;<\/span> <\/strong><span class=\"OYPEnA font-feature-liga-off font-feature-clig-off font-feature-calt-off text-decoration-none text-strikethrough-none\"><strong>Herbs &#8211; Planning, Planting<\/strong> (Meet in Bluemont Room, 2nd floor) <span class=\"OYPEnA text-decoration-none text-strikethrough-none\"><span style=\"font-weight: 400;\">Las hierbas frescas pueden hacer que tu cocina pase de ser buena a excelente. Hay hierbas para todas las cocinas y condiciones de cultivo. \u00bfCu\u00e1l cultivar\u00e1s? \u00bfC\u00f3mo los cultivas? \u00bfD\u00f3nde encajan con tus verduras?<\/span><\/span><\/span><\/li>\n<li class=\"cvGsUA direction-ltr align-start para-style-body\"><strong><span class=\"OYPEnA font-feature-liga-off font-feature-clig-off font-feature-calt-off text-decoration-none text-strikethrough-none\">May 21 &#8211;<\/span><\/strong><span class=\"OYPEnA font-feature-liga-off font-feature-clig-off font-feature-calt-off text-decoration-none text-strikethrough-none\"><strong> Gardening Structures<\/strong> &#8211; Easy-to-build garden structures help you save garden space, grow healthier plants, bring higher yields.<\/span><\/li>\n<li class=\"cvGsUA direction-ltr align-start para-style-body\"><strong><span class=\"OYPEnA font-feature-liga-off font-feature-clig-off font-feature-calt-off text-decoration-none text-strikethrough-none\">June 4 &#8211; <\/span><\/strong><span class=\"OYPEnA font-feature-liga-off font-feature-clig-off font-feature-calt-off text-decoration-none text-strikethrough-none\"><strong>Weeds 101 &#8211; Recognize, control, or eat?<\/strong> \u2013 \u00bfSabes c\u00f3mo es una mala hierba? Puede que te sorprendas. Aprenda a identificar y controlar esas malas hierbas antes de que controlen su jard\u00edn.<\/span><\/li>\n<li class=\"cvGsUA direction-ltr align-start para-style-body\"><strong><span class=\"OYPEnA font-feature-liga-off font-feature-clig-off font-feature-calt-off text-decoration-none text-strikethrough-none\">June 18 &#8211; <\/span><\/strong><span class=\"OYPEnA font-feature-liga-off font-feature-clig-off font-feature-calt-off text-decoration-none text-strikethrough-none\"><strong>Good Bugs, Bad Bugs<\/strong> &#8211; <strong><span style=\"font-weight: 400;\">\u00a1Conozca la diferencia! Son parte del patr\u00f3n de la naturaleza y del cultivo de productos frescos. Aprenda a fomentar los errores buenos y ay\u00fadelos a combatir a los malos.<\/span><\/strong><\/span><\/li>\n<li class=\"cvGsUA direction-ltr align-start para-style-body\"><strong><span class=\"OYPEnA font-feature-liga-off font-feature-clig-off font-feature-calt-off text-decoration-none text-strikethrough-none\">July 2<\/span><\/strong><span class=\"OYPEnA font-feature-liga-off font-feature-clig-off font-feature-calt-off text-decoration-none text-strikethrough-none\"> &#8211; <strong>Seed Harvesting<\/strong> &#8211; What to know to collect and save seeds for future seasons.<\/span><\/li>\n<li class=\"cvGsUA direction-ltr align-start para-style-body\"><strong><span class=\"OYPEnA font-feature-liga-off font-feature-clig-off font-feature-calt-off text-decoration-none text-strikethrough-none\">J<\/span><span class=\"OYPEnA font-feature-liga-off font-feature-clig-off font-feature-calt-off text-decoration-none text-strikethrough-none\">uly 16<\/span><\/strong><span class=\"OYPEnA font-feature-liga-off font-feature-clig-off font-feature-calt-off text-decoration-none text-strikethrough-none\"><strong> &#8211; Water where it counts: Rain barrels, drip irrigation &amp; in-ground ollas<\/strong> &#8211; Make watering your garden faster, easier, and more efficient.<\/span><\/li>\n<li class=\"cvGsUA direction-ltr align-start para-style-body\"><strong><span class=\"OYPEnA font-feature-liga-off font-feature-clig-off font-feature-calt-off text-decoration-none text-strikethrough-none\">July 30 &#8211; <\/span><\/strong><span class=\"OYPEnA font-feature-liga-off font-feature-clig-off font-feature-calt-off text-decoration-none text-strikethrough-none\"><strong>Blue Ribbon Gardens &#8211; County Fair Rules<\/strong> &#8211; Learn about the fair&#8217;s competitive exhibits and how to enter your veggies, flowers, crafts, or food creations.<\/span><\/li>\n<li class=\"cvGsUA direction-ltr align-start para-style-body\"><strong><span class=\"OYPEnA font-feature-liga-off font-feature-clig-off font-feature-calt-off text-decoration-none text-strikethrough-none\">Aug 6 &#8211; <\/span><span class=\"OYPEnA font-feature-liga-off font-feature-clig-off font-feature-calt-off text-decoration-none text-strikethrough-none\">No Session &#8211; Arlington County Fair Aug 13-17<\/span><\/strong><\/li>\n<li class=\"cvGsUA direction-ltr align-start para-style-body\"><strong><span class=\"OYPEnA font-feature-liga-off font-feature-clig-off font-feature-calt-off text-decoration-none text-strikethrough-none\">Aug 20 &#8211; <\/span><\/strong><span class=\"OYPEnA font-feature-liga-off font-feature-clig-off font-feature-calt-off text-decoration-none text-strikethrough-none\"><strong>Cultivos de cobertura para suelos saludables<\/strong> \u2013 Los cultivos de cobertura protegen, nutren y agregan estructura a su suelo. Aprenda qu\u00e9, cu\u00e1ndo y c\u00f3mo usar cultivos de cobertura para llevar su jard\u00edn a un nivel completamente nuevo.<\/span><\/li>\n<li class=\"cvGsUA direction-ltr align-start para-style-body\"><span class=\"OYPEnA font-feature-liga-off font-feature-clig-off font-feature-calt-off text-decoration-none text-strikethrough-none\"><strong>Sept 3 &#8211; Plants to Dye For<\/strong> &#8211; Learn about the fibers people grew in our area for clothing and everyday use. Explore local plants you can use to dye your own fabric in this fun garden talk.<\/span><\/li>\n<li class=\"cvGsUA direction-ltr align-start para-style-body\"><strong><span class=\"OYPEnA font-feature-liga-off font-feature-clig-off font-feature-calt-off text-decoration-none text-strikethrough-none\">Sept 17 &#8211; <\/span><\/strong><span class=\"OYPEnA font-feature-liga-off font-feature-clig-off font-feature-calt-off text-decoration-none text-strikethrough-none\"><strong>Forrajeo de oto\u00f1o<\/strong> &#8211; <span style=\"font-weight: 400;\">Hay cosas buenas para comer a tu alrededor. Aprenda a identificar y preparar comestibles seguros que se encuentran en nuestras \u00e1reas silvestres (y no tan silvestres).<\/span><\/span><\/li>\n<li class=\"cvGsUA direction-ltr align-start para-style-body\"><span class=\"OYPEnA font-feature-liga-off font-feature-clig-off font-feature-calt-off text-decoration-none text-strikethrough-none\"><strong>Oct 1<\/strong> &#8211; <\/span><span class=\"OYPEnA font-feature-liga-off font-feature-clig-off font-feature-calt-off text-decoration-none text-strikethrough-none\">Bees &amp; Honey &#8211; More than just pollinators!<\/span><\/li>\n<li class=\"cvGsUA direction-ltr align-start para-style-body\"><strong><span class=\"OYPEnA font-feature-liga-off font-feature-clig-off font-feature-calt-off text-decoration-none text-strikethrough-none\">Oct 15 &#8211; <\/span><\/strong><span class=\"OYPEnA font-feature-liga-off font-feature-clig-off font-feature-calt-off text-decoration-none text-strikethrough-none\"><strong>Garlic! Plant it Now<\/strong> \u2013 \u00bfEres amante del ajo? Aprenda c\u00f3mo plantar y cu\u00e1ndo cosechar ajo, adem\u00e1s de la historia y muchos tipos de ajo para elegir.<\/span><\/li>\n<\/ul>\n<div style=\"display:flex; gap:10px;justify-content:center\" class=\"wps-pgfw-pdf-generate-icon__wrapper-frontend\">\n\t\t<a  href=\"https:\/\/arlingtonurbanag.org\/es\/wp-json\/wp\/v2\/posts\/2877?action=genpdf&amp;id=2877\" class=\"pgfw-single-pdf-download-button\" ><img src=\"https:\/\/arlingtonurbanag.org\/wp-content\/plugins\/pdf-generator-for-wp\/admin\/src\/images\/PDF_Tray.svg\" title=\"PDF general\" style=\"width:auto; height:45px;\"><\/a>\n\t\t<\/div>","protected":false},"excerpt":{"rendered":"<p>Join us for bi-weekly Garden Talks in 2025! Please note: May 7 &#8211; Herbs &#8211; Planning, Planting will now meet in Bluemont Room, 2nd floor Arlington Central Library &#8211; 1015 N Quincy Street Sponsored by Friends of Urban Agriculture and Extension Master Gardeners Free! No registration required. April-May talks &#8211; 6:30 pm &#8211; 7:30 pm &#8230; <\/p>\n<p class=\"read-more-container\"><a title=\"2025 Garden Talks\" class=\"read-more button\" href=\"https:\/\/arlingtonurbanag.org\/es\/2025-garden-talks\/#more-2877\" aria-label=\"Leer m\u00e1s sobre 2025 Garden Talks\">Lee mas<\/a><\/p>","protected":false},"author":3,"featured_media":3518,"comment_status":"closed","ping_status":"closed","sticky":false,"template":"","format":"standard","meta":{"footnotes":""},"categories":[10,60,21],"tags":[53,50],"class_list":["post-2877","post","type-post","status-publish","format-standard","has-post-thumbnail","hentry","category-events","category-garden-talks","category-resources","tag-events","tag-garden-talks","infinite-scroll-item"],"featured_image_src":"https:\/\/arlingtonurbanag.org\/wp-content\/uploads\/2025\/03\/GT-25-Sept-Oct.png","author_info":{"display_name":"Emily Landsman","author_link":"https:\/\/arlingtonurbanag.org\/es\/author\/emilyl\/"},"_links":{"self":[{"href":"https:\/\/arlingtonurbanag.org\/es\/wp-json\/wp\/v2\/posts\/2877","targetHints":{"allow":["GET"]}}],"collection":[{"href":"https:\/\/arlingtonurbanag.org\/es\/wp-json\/wp\/v2\/posts"}],"about":[{"href":"https:\/\/arlingtonurbanag.org\/es\/wp-json\/wp\/v2\/types\/post"}],"author":[{"embeddable":true,"href":"https:\/\/arlingtonurbanag.org\/es\/wp-json\/wp\/v2\/users\/3"}],"replies":[{"embeddable":true,"href":"https:\/\/arlingtonurbanag.org\/es\/wp-json\/wp\/v2\/comments?post=2877"}],"version-history":[{"count":18,"href":"https:\/\/arlingtonurbanag.org\/es\/wp-json\/wp\/v2\/posts\/2877\/revisions"}],"predecessor-version":[{"id":3492,"href":"https:\/\/arlingtonurbanag.org\/es\/wp-json\/wp\/v2\/posts\/2877\/revisions\/3492"}],"wp:featuredmedia":[{"embeddable":true,"href":"https:\/\/arlingtonurbanag.org\/es\/wp-json\/wp\/v2\/media\/3518"}],"wp:attachment":[{"href":"https:\/\/arlingtonurbanag.org\/es\/wp-json\/wp\/v2\/media?parent=2877"}],"wp:term":[{"taxonomy":"category","embeddable":true,"href":"https:\/\/arlingtonurbanag.org\/es\/wp-json\/wp\/v2\/categories?post=2877"},{"taxonomy":"post_tag","embeddable":true,"href":"https:\/\/arlingtonurbanag.org\/es\/wp-json\/wp\/v2\/tags?post=2877"}],"curies":[{"name":"wp","href":"https:\/\/api.w.org\/{rel}","templated":true}]}}